{"id":2587,"date":"2024-09-10T16:48:38","date_gmt":"2024-09-10T14:48:38","guid":{"rendered":"https:\/\/capitale.pe\/webcapitale\/?p=2587"},"modified":"2024-09-10T18:09:29","modified_gmt":"2024-09-10T16:09:29","slug":"dia-mundial-para-la-prevencion-del-suicidio-juntos-podemos-hacer-la-diferencia","status":"publish","type":"post","link":"https:\/\/capitale.pe\/webcapitale\/2024\/09\/10\/dia-mundial-para-la-prevencion-del-suicidio-juntos-podemos-hacer-la-diferencia\/","title":{"rendered":"D\u00eda mundial de la Prevenci\u00f3n del Suicidio: Juntos podemos hacer la diferencia"},"content":{"rendered":"\n<p><strong>D\u00eda Mundial de la Prevenci\u00f3n del Suicidio: Juntos podemos hacer la diferencia<\/strong><\/p>\n\n\n\n<p><strong>Por Marita Pinto<\/strong><\/p>\n\n\n\n<p>Cada 10 de septiembre, se conmemora el D\u00eda Mundial para la Prevenci\u00f3n del Suicidio, una fecha dedicada a crear conciencia sobre un problema de salud p\u00fablica que afecta a millones de personas en todo el mundo. En el Per\u00fa, la situaci\u00f3n no es ajena a esta realidad, seg\u00fan el Instituto Nacional de Salud Mental (INSM), en los \u00faltimos a\u00f1os, las tasas de suicidio han mostrado una tendencia preocupante, especialmente entre adolescentes y adultos j\u00f3venes. El Sistema Inform\u00e1tico Nacional de Defunciones (Sinadef) report\u00f3 que, en el 2023, un total de 391 personas se quitaron la vida en Per\u00fa y 2.121 lo intentaron sin \u00e9xito.<\/p>\n\n\n\n<p>Partiendo de esta base en este articulo exploraremos los factores que contribuyen al suicidio, as\u00ed como las acciones y estrategias que podemos realizar para prevenirlo.<\/p>\n\n\n\n<p>Informarnos y brindar apoyo, nos permite ser parte del cambio, porque el suicidio es una tragedia que s\u00ed podemos prevenir.<\/p>\n\n\n\n<p><strong>Factores de riesgo: \u00bfQu\u00e9 nos dicen las estad\u00edsticas?<\/strong><\/p>\n\n\n\n<ol class=\"wp-block-list\">\n<li>Uno de los factores m\u00e1s comunes es el aislamiento social, que aumenta la probabilidad de suicidio en un 40% (Harvard Health Publishing, 2018).<\/li>\n\n\n\n<li>La depresi\u00f3n no tratada es otro factor clave; se estima que el 60% de las personas que se suicidan sufren de depresi\u00f3n (American Psychiatric Association, 2020).<\/li>\n\n\n\n<li>La ansiedad y el abuso de sustancias, como el alcohol o las drogas, son otros desencadenantes cr\u00edticos. El abuso de sustancias est\u00e1 presente en el 25% de los casos de suicidio (National Institute on Drug Abuse, 2020).<\/li>\n\n\n\n<li>Adem\u00e1s, las personas que han experimentado violencia o abuso, ya sea f\u00edsico o emocional, tienen un riesgo significativamente mayor de suicidio (OMS, 2019).<\/li>\n\n\n\n<li>Las dificultades econ\u00f3micas tambi\u00e9n juegan un papel importante. En tiempos de crisis financiera, las tasas de suicidio aumentan en un 20% (The Lancet, 2016).<\/li>\n\n\n\n<li>Los problemas de salud mental, como el trastorno bipolar o la esquizofrenia, hacen especialmente vulnerables a las que lo padecen.<\/li>\n<\/ol>\n\n\n\n<p>A lo anterior tenemos que sumarles el estigma asociado a los temas de salud mental, la falta de educaci\u00f3n y el poco acceso al tratamiento necesario. &nbsp;En muchas culturas, incluido el Per\u00fa, hablar abiertamente sobre los problemas de salud mental sigue siendo tab\u00fa.<\/p>\n\n\n\n<p><strong>Se\u00f1ales de alerta: Lo que debemos observar<\/strong><\/p>\n\n\n\n<p>Para prevenir el suicidio, es clave reconocer los cambios en el comportamiento de las personas de nuestro entorno.<\/p>\n\n\n\n<p>Algunas de estas se\u00f1ales incluyen:<\/p>\n\n\n\n<ul class=\"wp-block-list\">\n<li>Alteraciones en los h\u00e1bitos alimenticios o de sue\u00f1o.<\/li>\n\n\n\n<li>Aislamiento social, la persona puede empezar a evitar el contacto social, rechazar invitaciones o alejarse de amigos y familiares.<\/li>\n\n\n\n<li>Descuido personal.<\/li>\n\n\n\n<li>Hablar de hacerse da\u00f1o o adoptar conductas riesgosas.<\/li>\n\n\n\n<li>Tristeza prolongada, irritabilidad, enojo o cambios repentino en el comportamiento, como pasar de estar deprimido a estar repentinamente en paz.<\/li>\n\n\n\n<li>Aumento en el uso de Sustancias, ya sea alcohol o drogas como una forma de hacer frente al dolor.<\/li>\n<\/ul>\n\n\n\n<p><strong>Estrategias de intervenci\u00f3n que salvan vidas<\/strong><\/p>\n\n\n\n<p>Las investigaciones cient\u00edficas han identificado varias estrategias efectivas, las cuales han sido implementadas con resultados efectivos:<\/p>\n\n\n\n<ol class=\"wp-block-list\">\n<li>Terapia psicol\u00f3gica: Los tratamientos terap\u00e9uticos pueden llegar a reducir los intentos de suicidio hasta en un 50% .<\/li>\n\n\n\n<li>Medicaci\u00f3n y tratamiento farmacol\u00f3gico: Combinados con terapia psicol\u00f3gica, son fundamentales para reducir s\u00edntomas graves.<\/li>\n\n\n\n<li>Restricci\u00f3n del acceso a medios letales: Un entorno seguro puede prevenir tragedias.<\/li>\n\n\n\n<li>Intervenci\u00f3n en comunidades y escuelas: Capacitar a maestros y estudiantes en la identificaci\u00f3n de se\u00f1ales de alerta es una medida preventiva eficaz.<\/li>\n\n\n\n<li>Fomentar redes de apoyo: Crear comunidades solidarias y ofrecer l\u00edneas de ayuda, pueden ser un buen soporte en momentos cr\u00edticos<\/li>\n<\/ol>\n\n\n\n<p><strong>\u00bfC\u00f3mo podemos apoyar? El poder de la escucha y la acci\u00f3n<\/strong><\/p>\n\n\n\n<p>El apoyo emocional y la empat\u00eda son fundamentales. Si conoces a alguien que la est\u00e1 pasando mal, hazle saber que no est\u00e1 solo.<\/p>\n\n\n\n<ul class=\"wp-block-list\">\n<li>Escucha emp\u00e1tica: Muestra inter\u00e9s por lo que siente la persona sin juzgar.<\/li>\n\n\n\n<li>Habla abiertamente sobre el suicidio, y no temas preguntar directamente sobre sus intenciones.<\/li>\n\n\n\n<li>Retira objetos peligrosos que podr\u00edan ser usados para autolesionarse.<\/li>\n\n\n\n<li>Contacta a sus familiares y acomp\u00e1\u00f1alo a buscar ayuda profesional.<\/li>\n<\/ul>\n\n\n\n<p><strong>\u00bfQu\u00e9 m\u00e1s podemos hacer? : El rol de la comunidad y las empresas, un compromiso urgente<\/strong><\/p>\n\n\n\n<p>Aunque el presupuesto destinado a la salud mental ha aumentado en un 6%, sigue siendo insuficiente; sumar esfuerzos desde la comunidad y el sector privado pueden marcar una diferencia.<\/p>\n\n\n\n<p>Las familias pueden jugar rol fundamental, promoviendo el di\u00e1logo abierto sobre la importancia del cuidado de la salud mental.<\/p>\n\n\n\n<p>En cuanto a las empresas pueden contribuir construyendo ambientes de trabajo saludables, fomentando la educaci\u00f3n en salud mental y ofreciendo servicios de bienestar emocional para sus colaboradores.<\/p>\n\n\n\n<p><strong>Recursos Disponibles en el Per\u00fa:<\/strong><\/p>\n\n\n\n<p>El Ministerio de Salud (MINSA) ha implementado l\u00edneas telef\u00f3nicas gratuitas, como el 113, para ofrecer apoyo y orientaci\u00f3n en situaciones de crisis.<\/p>\n\n\n\n<p><strong>Reflexi\u00f3n final: Rompiendo el silencio y salvando vidas<\/strong><\/p>\n\n\n\n<p>Necesitamos entender que el suicidio es una tragedia que puede prevenirse. En el Per\u00fa, es necesario fortalecer las redes de apoyo, &nbsp;brindar acceso a los servicios de salud mental y promover el cuidado de la salud emocional.<\/p>\n\n\n\n<p>Sin embargo, cada uno de nosotros podemos marcar la diferencia, cuestionando y rompiendo los estigmas asociados a la salud mental, brindando apoyo y estando presentes en nuestras interacciones.<\/p>\n\n\n\n<p>Si est\u00e1s atravesando por un momento dif\u00edcil, recuerda que hay personas que pueden ayudarte. Hablar con un profesional es el paso que necesitas dar para sentirte mejor, buscar ayuda es un acto de valent\u00eda y cuidado hacia ti mismo. No est\u00e1s solo\/a.<\/p>\n\n\n\n<p>Compartamos este mensaje y sigamos construyendo una sociedad m\u00e1s consciente y solidaria.<\/p>\n\n\n\n<p>\u00a1Tu apoyo puede salvar vidas!<\/p>\n\n\n\n<p><strong>Referencias:<\/strong><\/p>\n\n\n\n<p>American Psychological Association. (2022). Factores de Riesgo para el Suicidio.<\/p>\n\n\n\n<p>The Lancet Psychiatry. (2019). Impacto del Trauma en el Suicidio.<\/p>\n\n\n\n<p>Organizaci\u00f3n Mundial de la Salud. (2020). Prevenci\u00f3n del Suicidio.<\/p>\n\n\n\n<p>JAMA Network. (2021). Dolor Cr\u00f3nico y Riesgo de Suicidio.<\/p>\n\n\n\n<p>American Foundation for Suicide Prevention. (2020). Signos de Alerta.<\/p>\n\n\n\n<p>Centers for Disease Control and Prevention. (2022). Prevenci\u00f3n del Suicidio y la Importancia del Apoyo Social.<\/p>\n","protected":false},"excerpt":{"rendered":"<p>D\u00eda Mundial de la Prevenci\u00f3n del Suicidio: Juntos podemos hacer la diferencia Por Marita Pinto Cada 10 de septiembre, se conmemora el D\u00eda Mundial para la Prevenci\u00f3n del Suicidio, una fecha dedicada a crear conciencia sobre un problema de salud p\u00fablica que afecta a millones de personas en todo el mundo. En el Per\u00fa, la&hellip; <br \/> <a class=\"read-more\" href=\"https:\/\/capitale.pe\/webcapitale\/2024\/09\/10\/dia-mundial-para-la-prevencion-del-suicidio-juntos-podemos-hacer-la-diferencia\/\">Leer m\u00e1s<\/a><\/p>\n","protected":false},"author":1,"featured_media":2595,"comment_status":"open","ping_status":"open","sticky":false,"template":"","format":"standard","meta":{"_exactmetrics_skip_tracking":false,"_exactmetrics_sitenote_active":false,"_exactmetrics_sitenote_note":"","_exactmetrics_sitenote_category":0,"footnotes":""},"categories":[1],"tags":[],"class_list":["post-2587","post","type-post","status-publish","format-standard","has-post-thumbnail","hentry","category-sin-categoria"],"_links":{"self":[{"href":"https:\/\/capitale.pe\/webcapitale\/wp-json\/wp\/v2\/posts\/2587","targetHints":{"allow":["GET"]}}],"collection":[{"href":"https:\/\/capitale.pe\/webcapitale\/wp-json\/wp\/v2\/posts"}],"about":[{"href":"https:\/\/capitale.pe\/webcapitale\/wp-json\/wp\/v2\/types\/post"}],"author":[{"embeddable":true,"href":"https:\/\/capitale.pe\/webcapitale\/wp-json\/wp\/v2\/users\/1"}],"replies":[{"embeddable":true,"href":"https:\/\/capitale.pe\/webcapitale\/wp-json\/wp\/v2\/comments?post=2587"}],"version-history":[{"count":5,"href":"https:\/\/capitale.pe\/webcapitale\/wp-json\/wp\/v2\/posts\/2587\/revisions"}],"predecessor-version":[{"id":2594,"href":"https:\/\/capitale.pe\/webcapitale\/wp-json\/wp\/v2\/posts\/2587\/revisions\/2594"}],"wp:featuredmedia":[{"embeddable":true,"href":"https:\/\/capitale.pe\/webcapitale\/wp-json\/wp\/v2\/media\/2595"}],"wp:attachment":[{"href":"https:\/\/capitale.pe\/webcapitale\/wp-json\/wp\/v2\/media?parent=2587"}],"wp:term":[{"taxonomy":"category","embeddable":true,"href":"https:\/\/capitale.pe\/webcapitale\/wp-json\/wp\/v2\/categories?post=2587"},{"taxonomy":"post_tag","embeddable":true,"href":"https:\/\/capitale.pe\/webcapitale\/wp-json\/wp\/v2\/tags?post=2587"}],"curies":[{"name":"wp","href":"https:\/\/api.w.org\/{rel}","templated":true}]}}