{"id":2691,"date":"2026-02-14T05:06:47","date_gmt":"2026-02-14T04:06:47","guid":{"rendered":"https:\/\/capitale.pe\/webcapitale\/?p=2691"},"modified":"2026-02-14T05:06:51","modified_gmt":"2026-02-14T04:06:51","slug":"dia-de-la-amistad-y-el-amor-en-el-trabajo-mas-alla-de-lo-simbolico","status":"publish","type":"post","link":"https:\/\/capitale.pe\/webcapitale\/2026\/02\/14\/dia-de-la-amistad-y-el-amor-en-el-trabajo-mas-alla-de-lo-simbolico\/","title":{"rendered":"D\u00eda de la Amistad y el Amor en el trabajo: m\u00e1s all\u00e1 de lo simb\u00f3lico"},"content":{"rendered":"\n<p>Cada febrero, las redes se llenan de mensajes sobre amor y amistad. En las organizaciones, muchas veces se replica la fecha con din\u00e1micas, detalles o mensajes positivos.<\/p>\n\n\n\n<p>Pero, m\u00e1s all\u00e1 de lo simb\u00f3lico, vale la pena preguntarnos:<br><strong>\u00bfqu\u00e9 significa realmente hablar de amor y amistad dentro del trabajo?<\/strong><\/p>\n\n\n\n<p>Desde la psicolog\u00eda organizacional, el \u201camor\u201d no se entiende como romanticismo, sino como una forma de vinculaci\u00f3n basada en el respeto, la empat\u00eda y el reconocimiento del otro como persona, no solo como recurso productivo.<\/p>\n\n\n\n<p><strong>El trabajo no es solo desempe\u00f1o, es relaci\u00f3n<\/strong><\/p>\n\n\n\n<p>Las personas no pasan ocho o m\u00e1s horas diarias en un entorno neutro.<br>El trabajo es un espacio de v\u00ednculos: con l\u00edderes, con pares, con equipos.<\/p>\n\n\n\n<p>Cuando estos v\u00ednculos est\u00e1n marcados por:<\/p>\n\n\n\n<ul class=\"wp-block-list\">\n<li>desconfianza,<\/li>\n\n\n\n<li>competencia hostil,<\/li>\n\n\n\n<li>comunicaci\u00f3n fr\u00eda o deshumanizada,<\/li>\n<\/ul>\n\n\n\n<p>el impacto no es solo emocional. Tambi\u00e9n afecta el compromiso, la colaboraci\u00f3n y el clima laboral.<\/p>\n\n\n\n<p>En cambio, cuando existen relaciones basadas en respeto genuino y apoyo, se fortalece algo fundamental: la sensaci\u00f3n de pertenencia.<\/p>\n\n\n\n<p><strong>Amistad laboral: \u00bfes necesaria?<\/strong><\/p>\n\n\n\n<p>No todas las personas buscan amistades profundas en el trabajo, y eso es v\u00e1lido. Sin embargo, s\u00ed necesitan sentirse parte de un entorno seguro.<\/p>\n\n\n\n<p>La psicolog\u00eda organizacional ha demostrado que:<\/p>\n\n\n\n<ul class=\"wp-block-list\">\n<li>Sentirse escuchado reduce el estr\u00e9s.<\/li>\n\n\n\n<li>Tener un v\u00ednculo de confianza mejora la resiliencia.<\/li>\n\n\n\n<li>Contar con apoyo social protege frente al desgaste laboral.<\/li>\n<\/ul>\n\n\n\n<p>No se trata de forzar cercan\u00eda, sino de construir espacios donde sea posible mostrarse humano.<\/p>\n\n\n\n<p><strong>Amor organizacional: una mirada humanista<\/strong><\/p>\n\n\n\n<p>Hablar de \u201camor\u201d en el trabajo puede sonar exagerado. Sin embargo, si lo entendemos como:<\/p>\n\n\n\n<ul class=\"wp-block-list\">\n<li>cuidado,<\/li>\n\n\n\n<li>respeto por los l\u00edmites,<\/li>\n\n\n\n<li>comunicaci\u00f3n honesta,<\/li>\n\n\n\n<li>preocupaci\u00f3n aut\u00e9ntica por el bienestar,<\/li>\n<\/ul>\n\n\n\n<p>entonces estamos hablando de liderazgo consciente.<\/p>\n\n\n\n<p>Un liderazgo humanista reconoce que detr\u00e1s de cada colaborador hay historias, cargas personales, duelos, alegr\u00edas y procesos invisibles que tambi\u00e9n influyen en su desempe\u00f1o.<\/p>\n\n\n\n<p><strong>Una reflexi\u00f3n necesaria<\/strong><\/p>\n\n\n\n<p>En fechas como el D\u00eda de la Amistad y el Amor, m\u00e1s que organizar una actividad simb\u00f3lica, puede ser m\u00e1s transformador preguntarnos:<\/p>\n\n\n\n<ul class=\"wp-block-list\">\n<li>\u00bfC\u00f3mo se est\u00e1n relacionando nuestros equipos?<\/li>\n\n\n\n<li>\u00bfSe sienten valorados o solo evaluados?<\/li>\n\n\n\n<li>\u00bfExiste un espacio seguro para hablar con honestidad?<\/li>\n<\/ul>\n\n\n\n<p>Las organizaciones no necesitan m\u00e1s frases motivacionales.<br>Necesitan coherencia entre lo que declaran y c\u00f3mo tratan a las personas.<\/p>\n\n\n\n<p>Celebrar el amor y la amistad en el trabajo no implica romantizar la vida laboral.<br>Implica reconocer que los v\u00ednculos importan.<\/p>\n\n\n\n<p>Cuando el respeto, la escucha y el cuidado forman parte de la cultura, el bienestar deja de ser un discurso y se convierte en pr\u00e1ctica diaria.<\/p>\n\n\n\n<p>Y eso, m\u00e1s que un gesto de febrero es una decisi\u00f3n organizacional.<\/p>\n","protected":false},"excerpt":{"rendered":"<p>Cada febrero, las redes se llenan de mensajes sobre amor y amistad. En las organizaciones, muchas veces se replica la fecha con din\u00e1micas, detalles o mensajes positivos. Pero, m\u00e1s all\u00e1 de lo simb\u00f3lico, vale la pena preguntarnos:\u00bfqu\u00e9 significa realmente hablar de amor y amistad dentro del trabajo? Desde la psicolog\u00eda organizacional, el \u201camor\u201d no se&hellip; <br \/> <a class=\"read-more\" href=\"https:\/\/capitale.pe\/webcapitale\/2026\/02\/14\/dia-de-la-amistad-y-el-amor-en-el-trabajo-mas-alla-de-lo-simbolico\/\">Leer m\u00e1s<\/a><\/p>\n","protected":false},"author":1,"featured_media":2692,"comment_status":"open","ping_status":"open","sticky":false,"template":"","format":"standard","meta":{"_exactmetrics_skip_tracking":false,"_exactmetrics_sitenote_active":false,"_exactmetrics_sitenote_note":"","_exactmetrics_sitenote_category":0,"footnotes":""},"categories":[1],"tags":[],"class_list":["post-2691","post","type-post","status-publish","format-standard","has-post-thumbnail","hentry","category-sin-categoria"],"_links":{"self":[{"href":"https:\/\/capitale.pe\/webcapitale\/wp-json\/wp\/v2\/posts\/2691","targetHints":{"allow":["GET"]}}],"collection":[{"href":"https:\/\/capitale.pe\/webcapitale\/wp-json\/wp\/v2\/posts"}],"about":[{"href":"https:\/\/capitale.pe\/webcapitale\/wp-json\/wp\/v2\/types\/post"}],"author":[{"embeddable":true,"href":"https:\/\/capitale.pe\/webcapitale\/wp-json\/wp\/v2\/users\/1"}],"replies":[{"embeddable":true,"href":"https:\/\/capitale.pe\/webcapitale\/wp-json\/wp\/v2\/comments?post=2691"}],"version-history":[{"count":1,"href":"https:\/\/capitale.pe\/webcapitale\/wp-json\/wp\/v2\/posts\/2691\/revisions"}],"predecessor-version":[{"id":2693,"href":"https:\/\/capitale.pe\/webcapitale\/wp-json\/wp\/v2\/posts\/2691\/revisions\/2693"}],"wp:featuredmedia":[{"embeddable":true,"href":"https:\/\/capitale.pe\/webcapitale\/wp-json\/wp\/v2\/media\/2692"}],"wp:attachment":[{"href":"https:\/\/capitale.pe\/webcapitale\/wp-json\/wp\/v2\/media?parent=2691"}],"wp:term":[{"taxonomy":"category","embeddable":true,"href":"https:\/\/capitale.pe\/webcapitale\/wp-json\/wp\/v2\/categories?post=2691"},{"taxonomy":"post_tag","embeddable":true,"href":"https:\/\/capitale.pe\/webcapitale\/wp-json\/wp\/v2\/tags?post=2691"}],"curies":[{"name":"wp","href":"https:\/\/api.w.org\/{rel}","templated":true}]}}