{"id":2716,"date":"2026-09-01T15:09:15","date_gmt":"2026-09-01T13:09:15","guid":{"rendered":"https:\/\/capitale.pe\/webcapitale\/?p=2716"},"modified":"2026-09-01T15:09:18","modified_gmt":"2026-09-01T13:09:18","slug":"regimen-general-mype-y-remype-que-beneficios-laborales-te-corresponden","status":"publish","type":"post","link":"https:\/\/capitale.pe\/webcapitale\/2026\/09\/01\/regimen-general-mype-y-remype-que-beneficios-laborales-te-corresponden\/","title":{"rendered":"R\u00e9gimen general, MYPE y REMYPE: \u00bfqu\u00e9 beneficios laborales te corresponden?"},"content":{"rendered":"\n<p class=\"wp-block-paragraph\">Cuando revisamos una convocatoria laboral, solemos prestar atenci\u00f3n al sueldo, las funciones y los requisitos del puesto. Sin embargo, tambi\u00e9n es importante conocer el r\u00e9gimen laboral ofrecido, porque este determina beneficios como las vacaciones, las gratificaciones y la Compensaci\u00f3n por Tiempo de Servicios (CTS).<\/p>\n\n\n\n<p class=\"wp-block-paragraph\">En el Per\u00fa, los beneficios laborales se establecen mediante leyes y dependen principalmente del tipo de empresa, la actividad que realiza y el r\u00e9gimen en el que se encuentra registrada. Por esta raz\u00f3n, dos puestos con una remuneraci\u00f3n similar pueden ofrecer beneficios diferentes.<\/p>\n\n\n\n<p class=\"wp-block-paragraph\">A continuaci\u00f3n, explicamos de manera sencilla las principales modalidades que encontrar\u00e1s en una convocatoria laboral.<\/p>\n\n\n\n<p class=\"wp-block-paragraph\"><strong>Primero, aclaremos algunos t\u00e9rminos<\/strong><\/p>\n\n\n\n<p class=\"wp-block-paragraph\">Es frecuente escuchar expresiones como \u201cr\u00e9gimen MIPE\u201d, \u201cr\u00e9gimen MYPE\u201d o \u201cr\u00e9gimen REMYPE\u201d. Aunque suelen utilizarse como si significaran lo mismo, existen algunas diferencias:<\/p>\n\n\n\n<ul class=\"wp-block-list\">\n<li><strong>MYPE<\/strong> significa Micro y Peque\u00f1a Empresa. Es la denominaci\u00f3n correcta.<\/li>\n\n\n\n<li><strong>REMYPE<\/strong> es el Registro Nacional de la Micro y Peque\u00f1a Empresa.<\/li>\n\n\n\n<li>El REMYPE no es un r\u00e9gimen laboral adicional, sino el registro que permite acreditar que una empresa califica como microempresa o peque\u00f1a empresa y puede aplicar el r\u00e9gimen laboral correspondiente.<\/li>\n<\/ul>\n\n\n\n<p class=\"wp-block-paragraph\">Por ello, cuando una convocatoria indica \u201cbeneficios REMYPE\u201d, lo correcto ser\u00eda precisar si la empresa est\u00e1 registrada como <strong>microempresa<\/strong> o como <strong>peque\u00f1a empresa<\/strong>, ya que los beneficios no son iguales.<\/p>\n\n\n\n<p class=\"wp-block-paragraph\"><strong>\u00bfQu\u00e9 beneficios corresponden en cada r\u00e9gimen?<\/strong><\/p>\n\n\n\n<figure class=\"wp-block-image size-full is-resized\"><img fetchpriority=\"high\" decoding=\"async\" width=\"861\" height=\"501\" src=\"https:\/\/capitale.pe\/webcapitale\/wp-content\/uploads\/2026\/09\/image.jpg\" alt=\"\" class=\"wp-image-2717\" style=\"aspect-ratio:1.718562874251497;width:574px;height:auto\" srcset=\"https:\/\/capitale.pe\/webcapitale\/wp-content\/uploads\/2026\/09\/image.jpg 861w, https:\/\/capitale.pe\/webcapitale\/wp-content\/uploads\/2026\/09\/image-300x175.png 300w, https:\/\/capitale.pe\/webcapitale\/wp-content\/uploads\/2026\/09\/image-600x349.png 600w, https:\/\/capitale.pe\/webcapitale\/wp-content\/uploads\/2026\/09\/image-766x446.png 766w\" sizes=\"(max-width: 861px) 100vw, 861px\" \/><\/figure>\n\n\n\n<p class=\"wp-block-paragraph\">Los beneficios se calculan de acuerdo con el tiempo efectivamente laborado. Por ejemplo, si una persona no ha completado un a\u00f1o de trabajo, puede recibir vacaciones truncas, CTS trunca o gratificaciones proporcionales, cuando estos beneficios correspondan a su r\u00e9gimen.<\/p>\n\n\n\n<p class=\"wp-block-paragraph\"><strong>R\u00e9gimen laboral general<\/strong><\/p>\n\n\n\n<p class=\"wp-block-paragraph\">Es el r\u00e9gimen que ofrece el conjunto m\u00e1s amplio de beneficios laborales. Generalmente, se aplica a empresas que no est\u00e1n acogidas al r\u00e9gimen especial de la micro o peque\u00f1a empresa.<\/p>\n\n\n\n<p class=\"wp-block-paragraph\">Un trabajador bajo este r\u00e9gimen tiene derecho, entre otros beneficios, a:<\/p>\n\n\n\n<ul class=\"wp-block-list\">\n<li>30 d\u00edas calendario de vacaciones por cada a\u00f1o completo.<\/li>\n\n\n\n<li>Una gratificaci\u00f3n en julio y otra en diciembre, equivalentes a una remuneraci\u00f3n cada una, si trabaj\u00f3 el semestre completo.<\/li>\n\n\n\n<li>Dep\u00f3sitos de CTS en mayo y noviembre.<\/li>\n\n\n\n<li>Afiliaci\u00f3n a EsSalud.<\/li>\n\n\n\n<li>Afiliaci\u00f3n a la ONP o a una AFP.<\/li>\n\n\n\n<li>Descanso semanal, feriados y pago de horas extras.<\/li>\n\n\n\n<li>Seguro Vida Ley.<\/li>\n\n\n\n<li>Asignaci\u00f3n familiar, cuando cumpla las condiciones legales.<\/li>\n\n\n\n<li>Participaci\u00f3n en las utilidades, cuando la empresa se encuentre obligada a distribuirlas.<\/li>\n<\/ul>\n\n\n\n<p class=\"wp-block-paragraph\">La <a href=\"https:\/\/www.gob.pe\/institucion\/sunafil\/campa%C3%B1as\/17631-beneficios-sociales-de-los-trabajadores\">Sunafil re\u00fane estos derechos dentro de los beneficios sociales de los trabajadores del sector privado<\/a>.<\/p>\n\n\n\n<p class=\"wp-block-paragraph\"><strong><u>R\u00e9gimen laboral de la microempresa<\/u><\/strong><\/p>\n\n\n\n<p class=\"wp-block-paragraph\">Este r\u00e9gimen busca facilitar la formalizaci\u00f3n de negocios peque\u00f1os. Para aplicarlo, la empresa debe encontrarse debidamente inscrita como microempresa en el REMYPE.<\/p>\n\n\n\n<p class=\"wp-block-paragraph\">Sus trabajadores tienen derecho a una remuneraci\u00f3n acorde con la legislaci\u00f3n vigente, una jornada m\u00e1xima de ocho horas diarias o 48 semanales, descanso semanal, feriados, horas extras, cobertura de salud y afiliaci\u00f3n previsional.<\/p>\n\n\n\n<p class=\"wp-block-paragraph\">La principal diferencia es que tienen <strong>15 d\u00edas de vacaciones al a\u00f1o y no reciben obligatoriamente CTS ni gratificaciones<\/strong>. Sin embargo, la empresa puede decidir otorgar mejores beneficios o pactarlos con sus trabajadores.<\/p>\n\n\n\n<p class=\"wp-block-paragraph\"><strong><u>R\u00e9gimen laboral de la peque\u00f1a empresa<\/u><\/strong><\/p>\n\n\n\n<p class=\"wp-block-paragraph\">La peque\u00f1a empresa tambi\u00e9n debe estar inscrita en el REMYPE, pero ofrece beneficios mayores que la microempresa.<\/p>\n\n\n\n<p class=\"wp-block-paragraph\">Sus trabajadores tienen derecho a:<\/p>\n\n\n\n<ul class=\"wp-block-list\">\n<li>15 d\u00edas calendario de vacaciones al a\u00f1o.<\/li>\n\n\n\n<li>Media remuneraci\u00f3n como gratificaci\u00f3n en julio.<\/li>\n\n\n\n<li>Media remuneraci\u00f3n como gratificaci\u00f3n en diciembre.<\/li>\n\n\n\n<li>CTS equivalente a 15 remuneraciones diarias por cada a\u00f1o completo, con el l\u00edmite legal correspondiente.<\/li>\n\n\n\n<li>Afiliaci\u00f3n a EsSalud.<\/li>\n\n\n\n<li>Afiliaci\u00f3n a ONP o AFP.<\/li>\n\n\n\n<li>Seguro Vida Ley.<\/li>\n\n\n\n<li>Participaci\u00f3n en utilidades, cuando corresponda.<\/li>\n\n\n\n<li>Seguro Complementario de Trabajo de Riesgo, cuando realizan actividades consideradas riesgosas.<\/li>\n<\/ul>\n\n\n\n<p class=\"wp-block-paragraph\">La <a href=\"https:\/\/www.sunat.gob.pe\/orientacion\/mypes\/regimenLaboral.html\">SUNAT presenta el detalle oficial de los derechos de los trabajadores de microempresas y peque\u00f1as empresas<\/a>.<\/p>\n\n\n\n<p class=\"wp-block-paragraph\"><strong>\u00bfToda empresa peque\u00f1a puede pagar beneficios MYPE?<\/strong><\/p>\n\n\n\n<p class=\"wp-block-paragraph\">No. El tama\u00f1o aparente de un negocio no determina por s\u00ed solo los beneficios laborales.<\/p>\n\n\n\n<p class=\"wp-block-paragraph\">Para aplicar el r\u00e9gimen especial, la empresa debe cumplir las condiciones legales y encontrarse inscrita en el REMYPE. Si una peque\u00f1a empresa no cuenta con esta inscripci\u00f3n, deber\u00e1 reconocer los beneficios que correspondan al r\u00e9gimen laboral general. La Sunafil ha precisado, por ejemplo, que <a href=\"https:\/\/www.gob.pe\/institucion\/sunafil\/noticias\/1389500-pequenas-empresas-que-no-esten-inscritas-en-el-remype-tienen-que-pagar-cts-completa\">una peque\u00f1a empresa no inscrita en el REMYPE debe pagar la CTS completa<\/a>.<\/p>\n\n\n\n<p class=\"wp-block-paragraph\">Asimismo, la inscripci\u00f3n de la empresa no deber\u00eda utilizarse para reducir beneficios que un trabajador ya hab\u00eda adquirido bajo otro r\u00e9gimen.<\/p>\n\n\n\n<p class=\"wp-block-paragraph\"><strong>Otros reg\u00edmenes laborales especiales<\/strong><\/p>\n\n\n\n<p class=\"wp-block-paragraph\">Adem\u00e1s del r\u00e9gimen general y del r\u00e9gimen MYPE, en el Per\u00fa existen reg\u00edmenes especiales relacionados con determinadas actividades o tipos de trabajo.<\/p>\n\n\n\n<p class=\"wp-block-paragraph\"><strong><u>R\u00e9gimen laboral agrario<\/u><\/strong><\/p>\n\n\n\n<p class=\"wp-block-paragraph\">Se aplica a determinadas empresas del sector agrario, agroindustrial y agroexportador. Sus trabajadores tienen derechos como vacaciones, CTS, gratificaciones, EsSalud y participaci\u00f3n en utilidades. Tambi\u00e9n reciben la Bonificaci\u00f3n Especial por Trabajo Agrario o BETA, equivalente al porcentaje establecido legalmente sobre la remuneraci\u00f3n m\u00ednima vital. Este r\u00e9gimen se encuentra regulado por la <a href=\"https:\/\/www.gob.pe\/institucion\/presidencia\/normas-legales\/1467445-31110\">Ley N.\u00b0 31110<\/a>.<\/p>\n\n\n\n<p class=\"wp-block-paragraph\"><strong>R\u00e9gimen de construcci\u00f3n civil<\/strong><\/p>\n\n\n\n<p class=\"wp-block-paragraph\">Se aplica a determinadas actividades de construcci\u00f3n. Presenta remuneraciones, bonificaciones y beneficios establecidos mediante normas y negociaci\u00f3n colectiva. Algunos conceptos pueden calcularse o pagarse de una manera distinta al r\u00e9gimen general.<\/p>\n\n\n\n<p class=\"wp-block-paragraph\"><strong><u>R\u00e9gimen de trabajadores del hogar<\/u><\/strong><\/p>\n\n\n\n<p class=\"wp-block-paragraph\">Actualmente, las trabajadoras y los trabajadores del hogar tienen derecho a beneficios como 30 d\u00edas de vacaciones, CTS, dos gratificaciones completas, EsSalud y afiliaci\u00f3n previsional. Es igual que en el R\u00e9gimen General.<\/p>\n\n\n\n<p class=\"wp-block-paragraph\">Tambi\u00e9n existen reglas especiales para actividades como miner\u00eda, pesca, trabajo portuario y exportaci\u00f3n no tradicional.<\/p>\n\n\n\n<p class=\"wp-block-paragraph\"><strong>\u00bfUn contrato a plazo fijo tiene menos beneficios?<\/strong><\/p>\n\n\n\n<p class=\"wp-block-paragraph\">No necesariamente. Un trabajador contratado a plazo fijo puede tener los mismos beneficios que un trabajador con contrato indeterminado, siempre que ambos pertenezcan al mismo r\u00e9gimen laboral.<\/p>\n\n\n\n<p class=\"wp-block-paragraph\">La principal diferencia se encuentra en la duraci\u00f3n del contrato, no en la eliminaci\u00f3n de beneficios. Los beneficios se calculan de manera proporcional al tiempo laborado.<\/p>\n\n\n\n<p class=\"wp-block-paragraph\">Tampoco debe confundirse el r\u00e9gimen laboral con la modalidad de trabajo. Ser presencial, h\u00edbrido, remoto, a plazo fijo o indeterminado no define por s\u00ed solo si corresponde el r\u00e9gimen general o MYPE.<\/p>\n\n\n\n<p class=\"wp-block-paragraph\"><strong>\u00bfQu\u00e9 sucede con el trabajo a tiempo parcial?<\/strong><\/p>\n\n\n\n<p class=\"wp-block-paragraph\">El contrato a tiempo parcial se utiliza cuando la jornada promedio es menor de cuatro horas diarias. El trabajador conserva diferentes derechos laborales, pero algunos beneficios pueden variar. Por ejemplo, la CTS se reconoce a quienes laboran, en promedio, por lo menos cuatro horas diarias, seg\u00fan informa la <a href=\"https:\/\/www.gob.pe\/institucion\/sunafil\/noticias\/947330-trabajadores-que-laboren-al-menos-cuatro-horas-al-dia-tienen-derecho-a-la-cts\">Sunafil<\/a>.<\/p>\n\n\n\n<p class=\"wp-block-paragraph\">Por ello, antes de aceptar una posici\u00f3n a tiempo parcial, es recomendable preguntar por la jornada exacta y los beneficios incluidos.<\/p>\n\n\n\n<p class=\"wp-block-paragraph\"><strong>\u00bfQu\u00e9 debes revisar antes de aplicar a una oferta laboral o aceptar una propuesta de trabajo?<\/strong><\/p>\n\n\n\n<p class=\"wp-block-paragraph\">Solicita que te indiquen claramente:<\/p>\n\n\n\n<ol start=\"1\" class=\"wp-block-list\">\n<li>\u00bfLa contrataci\u00f3n ser\u00e1 mediante planilla?<\/li>\n\n\n\n<li>\u00bfCu\u00e1l es el r\u00e9gimen laboral de la empresa?<\/li>\n\n\n\n<li>Si se menciona REMYPE, \u00bfse trata de una microempresa o de una peque\u00f1a empresa?<\/li>\n\n\n\n<li>\u00bfCu\u00e1ntos d\u00edas de vacaciones tendr\u00e1s?<\/li>\n\n\n\n<li>\u00bfRecibir\u00e1s gratificaciones y CTS? \u00bfEn qu\u00e9 proporci\u00f3n?<\/li>\n\n\n\n<li>\u00bfLa remuneraci\u00f3n ofrecida es bruta o neta?<\/li>\n\n\n\n<li>\u00bfEl contrato ser\u00e1 indeterminado, a plazo fijo o a tiempo parcial?<\/li>\n\n\n\n<li>\u00bfExisten comisiones, bonos u otros beneficios adicionales?<\/li>\n\n\n\n<li>\u00bfDesde qu\u00e9 fecha se realizar\u00e1 tu afiliaci\u00f3n al seguro de salud y al sistema de pensiones?<\/li>\n<\/ol>\n\n\n\n<p class=\"wp-block-paragraph\"><strong>Una decisi\u00f3n informada<\/strong><\/p>\n\n\n\n<p class=\"wp-block-paragraph\">Un r\u00e9gimen laboral con menores beneficios no significa necesariamente que la oportunidad sea inadecuada. Tambi\u00e9n es importante considerar la remuneraci\u00f3n total, las comisiones, bonos, el aprendizaje, las posibilidades de desarrollo, la estabilidad y el ambiente de trabajo.<\/p>\n\n\n\n<p class=\"wp-block-paragraph\">Lo fundamental es que las condiciones sean informadas con claridad desde el inicio. Conocer el r\u00e9gimen laboral te permitir\u00e1 comparar oportunidades, calcular el valor total de la propuesta y tomar una decisi\u00f3n consciente sobre tu futuro profesional.<\/p>\n\n\n\n<p class=\"wp-block-paragraph\"><em>Este art\u00edculo tiene una finalidad informativa y presenta las caracter\u00edsticas generales de los principales reg\u00edmenes laborales del sector privado peruano. La aplicaci\u00f3n de cada beneficio puede variar seg\u00fan la actividad de la empresa, la jornada, la fecha de contrataci\u00f3n y las condiciones particulares del v\u00ednculo laboral.<\/em><\/p>\n\n\n\n<p class=\"wp-block-paragraph\"><\/p>\n","protected":false},"excerpt":{"rendered":"<p>Cuando revisamos una convocatoria laboral, solemos prestar atenci\u00f3n al sueldo, las funciones y los requisitos del puesto. Sin embargo, tambi\u00e9n es importante conocer el r\u00e9gimen laboral ofrecido, porque este determina beneficios como las vacaciones, las gratificaciones y la Compensaci\u00f3n por Tiempo de Servicios (CTS). En el Per\u00fa, los beneficios laborales se establecen mediante leyes y&hellip; <br \/> <a class=\"read-more\" href=\"https:\/\/capitale.pe\/webcapitale\/2026\/09\/01\/regimen-general-mype-y-remype-que-beneficios-laborales-te-corresponden\/\">Leer m\u00e1s<\/a><\/p>\n","protected":false},"author":1,"featured_media":2718,"comment_status":"open","ping_status":"open","sticky":false,"template":"","format":"standard","meta":{"_exactmetrics_skip_tracking":false,"footnotes":""},"categories":[1],"tags":[],"class_list":["post-2716","post","type-post","status-publish","format-standard","has-post-thumbnail","hentry","category-sin-categoria"],"_links":{"self":[{"href":"https:\/\/capitale.pe\/webcapitale\/wp-json\/wp\/v2\/posts\/2716","targetHints":{"allow":["GET"]}}],"collection":[{"href":"https:\/\/capitale.pe\/webcapitale\/wp-json\/wp\/v2\/posts"}],"about":[{"href":"https:\/\/capitale.pe\/webcapitale\/wp-json\/wp\/v2\/types\/post"}],"author":[{"embeddable":true,"href":"https:\/\/capitale.pe\/webcapitale\/wp-json\/wp\/v2\/users\/1"}],"replies":[{"embeddable":true,"href":"https:\/\/capitale.pe\/webcapitale\/wp-json\/wp\/v2\/comments?post=2716"}],"version-history":[{"count":1,"href":"https:\/\/capitale.pe\/webcapitale\/wp-json\/wp\/v2\/posts\/2716\/revisions"}],"predecessor-version":[{"id":2719,"href":"https:\/\/capitale.pe\/webcapitale\/wp-json\/wp\/v2\/posts\/2716\/revisions\/2719"}],"wp:featuredmedia":[{"embeddable":true,"href":"https:\/\/capitale.pe\/webcapitale\/wp-json\/wp\/v2\/media\/2718"}],"wp:attachment":[{"href":"https:\/\/capitale.pe\/webcapitale\/wp-json\/wp\/v2\/media?parent=2716"}],"wp:term":[{"taxonomy":"category","embeddable":true,"href":"https:\/\/capitale.pe\/webcapitale\/wp-json\/wp\/v2\/categories?post=2716"},{"taxonomy":"post_tag","embeddable":true,"href":"https:\/\/capitale.pe\/webcapitale\/wp-json\/wp\/v2\/tags?post=2716"}],"curies":[{"name":"wp","href":"https:\/\/api.w.org\/{rel}","templated":true}]}}